{"id":6,"date":"2026-04-27T01:13:47","date_gmt":"2026-04-27T01:13:47","guid":{"rendered":"http:\/\/n.redcivicard.org\/?p=6"},"modified":"2026-04-27T01:52:14","modified_gmt":"2026-04-27T01:52:14","slug":"carlos-pena-somete-a-guillermo-estrella-ramia-por-prevaricacion-asi-van-las-cosas","status":"publish","type":"post","link":"https:\/\/n.redcivicard.org\/index.php\/2026\/04\/27\/carlos-pena-somete-a-guillermo-estrella-ramia-por-prevaricacion-asi-van-las-cosas\/","title":{"rendered":"\u00a1SE CALIENTA EL ESCENARIO! Carlos Pe\u00f1a RECHAZA DI\u00c1LOGO Y APUNTA DIRECTO A LOS TRIBUNALES"},"content":{"rendered":"\n<p>En un giro que ha encendido el debate p\u00fablico, <strong>Carlos Pe\u00f1a<\/strong> asegur\u00f3 que varias personas han intentado acercarse a trav\u00e9s de los medios de comunicaci\u00f3n para reunirse con \u00e9l y \u201cresolver\u201d sus diferencias\u2026 pero su respuesta fue contundente.<\/p>\n\n\n\n<p><strong>\u201c\u00a1NO HAY NADA QUE HABLAR FUERA DE LOS TRIBUNALES!\u201d<\/strong> habr\u00eda dejado claro, cerrando cualquier puerta al di\u00e1logo. En el caso del sometimiento por prevaricaci\u00f3n a Guillermo Estrella Ramia, no hay marcha atras. Asi lo ha expresado <strong>Carlos Pe\u00f1a<\/strong>.<\/p>\n\n\n\n<p>Todo indica que el dirigente pol\u00edtico no est\u00e1 dispuesto a negociar ni un mil\u00edmetro y que, para \u00e9l, este conflicto solo tiene un camino: <strong>la justicia<\/strong>.<\/p>\n\n\n\n<p>La tensi\u00f3n crece y muchos se preguntan\u2026<br>\u00bfqu\u00e9 hay detr\u00e1s de este enfrentamiento que ahora apunta directamente a los tribunales?<\/p>\n\n\n\n<figure class=\"wp-block-embed is-type-video is-provider-youtube wp-block-embed-youtube wp-embed-aspect-9-16 wp-has-aspect-ratio\"><div class=\"wp-block-embed__wrapper\">\n<iframe loading=\"lazy\" title=\"Carlos Pe\u00f1a somete a Guillermo Estrella Ramia por prevaricaci\u00f3n mientras laboro en Banreservas\" width=\"540\" height=\"960\" src=\"https:\/\/www.youtube.com\/embed\/FrWMCOxEk6k?feature=oembed\" frameborder=\"0\" allow=\"accelerometer; autoplay; clipboard-write; encrypted-media; gyroscope; picture-in-picture; web-share\" referrerpolicy=\"strict-origin-when-cross-origin\" allowfullscreen><\/iframe>\n<\/div><\/figure>\n\n\n\n<p><\/p>\n\n\n\n<p><\/p>\n\n\n\n<p><\/p>\n","protected":false},"excerpt":{"rendered":"<p>En un giro que ha encendido el debate p\u00fablico, Carlos Pe\u00f1a asegur\u00f3 que varias personas han intentado acercarse a trav\u00e9s de los medios de comunicaci\u00f3n para reunirse con \u00e9l y \u201cresolver\u201d sus diferencias\u2026 pero su respuesta fue contundente. \u201c\u00a1NO HAY NADA QUE HABLAR FUERA DE LOS TRIBUNALES!\u201d habr\u00eda dejado claro, cerrando cualquier puerta al di\u00e1logo. [&hellip;]<\/p>\n","protected":false},"author":1,"featured_media":0,"comment_status":"open","ping_status":"open","sticky":false,"template":"","format":"standard","meta":{"footnotes":""},"categories":[2],"tags":[],"class_list":["post-6","post","type-post","status-publish","format-standard","hentry","category-justicia"],"_links":{"self":[{"href":"https:\/\/n.redcivicard.org\/index.php\/wp-json\/wp\/v2\/posts\/6","targetHints":{"allow":["GET"]}}],"collection":[{"href":"https:\/\/n.redcivicard.org\/index.php\/wp-json\/wp\/v2\/posts"}],"about":[{"href":"https:\/\/n.redcivicard.org\/index.php\/wp-json\/wp\/v2\/types\/post"}],"author":[{"embeddable":true,"href":"https:\/\/n.redcivicard.org\/index.php\/wp-json\/wp\/v2\/users\/1"}],"replies":[{"embeddable":true,"href":"https:\/\/n.redcivicard.org\/index.php\/wp-json\/wp\/v2\/comments?post=6"}],"version-history":[{"count":3,"href":"https:\/\/n.redcivicard.org\/index.php\/wp-json\/wp\/v2\/posts\/6\/revisions"}],"predecessor-version":[{"id":17,"href":"https:\/\/n.redcivicard.org\/index.php\/wp-json\/wp\/v2\/posts\/6\/revisions\/17"}],"wp:attachment":[{"href":"https:\/\/n.redcivicard.org\/index.php\/wp-json\/wp\/v2\/media?parent=6"}],"wp:term":[{"taxonomy":"category","embeddable":true,"href":"https:\/\/n.redcivicard.org\/index.php\/wp-json\/wp\/v2\/categories?post=6"},{"taxonomy":"post_tag","embeddable":true,"href":"https:\/\/n.redcivicard.org\/index.php\/wp-json\/wp\/v2\/tags?post=6"}],"curies":[{"name":"wp","href":"https:\/\/api.w.org\/{rel}","templated":true}]}}